{"id":205,"date":"2014-05-25T21:19:16","date_gmt":"2014-05-25T20:19:16","guid":{"rendered":"http:\/\/caftanger.aqarial.net\/?p=205"},"modified":"2025-11-07T12:33:42","modified_gmt":"2025-11-07T11:33:42","slug":"randonee-a-dar-cherif","status":"publish","type":"post","link":"https:\/\/caftanger.aqarial.org\/?p=205","title":{"rendered":"Randon\u00e9e \u00e0 Dar Cherif"},"content":{"rendered":"<p><img loading=\"lazy\" decoding=\"async\" class=\"alignnone size-full wp-image-1356\" src=\"http:\/\/caftanger.aqarial.org\/wp-content\/uploads\/2014\/05\/darchrif1.jpg\" alt=\"darchrif1\" width=\"200\" height=\"150\" \/><\/p>\n<p>La randonn\u00e9e du <strong>dimanche 25 mai 2014<\/strong> s&rsquo;est d\u00e9roul\u00e9e aux alentours du village Dar Cherif, 4 km de Bghaghza sur la route de Moulay Abdessalam.<\/p>\n<div>\n<p>La boucle a d\u00e9but\u00e9e par une descente depuis Le village Dar Cherif \u00e0\u00a0 757 m d\u2019altitude vers la rivi\u00e8re \u00e0 196 m puis la mont\u00e9e vers le point de d\u00e9part. Cette mont\u00e9e s\u2019est av\u00e9r\u00e9e un peu difficile puisque elle s\u2019est d\u00e9roul\u00e9e pendant la partie la plus chaude de la journ\u00e9e; mais l\u2019atmosph\u00e8re plaisante qui r\u00e9gnait au sein du groupe et les superbes vues qui se succ\u00e9daient\u00a0 ont beaucoup aid\u00e9s les participants \u00e0 supporter la chaleur et la fatigue.<\/p>\n<p>La sortie s\u2019est termin\u00e9 dans une atmosph\u00e8re familiale chez l\u2019habitant qui a eu l\u2019amabilit\u00e9 de garder les voitures devant chez lui et qui nous a pr\u00e9sent\u00e9 un th\u00e9 accompagn\u00e9 d\u2019un petit repas rustique.<\/p>\n<p style=\"text-align: right;\"><em>Mohammed A.<\/em><\/p>\n<\/div>\n<hr \/>\n<div style=\"clear: both;\"><\/div>\n<div style=\"width: 100%; height: auto; vertical-align: middle; text-align: center;\">\n<div style=\"width: 48%; height: auto;vertical-align: middle;text-align: center; float: left;\">\n\t\t<img decoding=\"async\" class=\"aligncenter wp-image-2729\" src=\"https:\/\/caftanger.aqarial.org\/images\/traildata.png\" alt=\"Media\" width=\"40\" height=\"auto\" \/><br \/>Voir les donn\u00e9es du parcours\n\t<\/div>\n<div style=\"width:48%; height: auto; vertical-align: middle; text-align: center; float: left;\">\n\t\t<img decoding=\"async\" class=\"alignnone size-full wp-image-1483 aligncenter\" src=\"https:\/\/caftanger.aqarial.org\/images\/album.jpg\" alt=\"album\" width=\"60\" height=\"auto\" \/><br \/>Voir les photos dans l&rsquo;album\n\t<\/div>\n<div style=\"clear: both;\"><\/div>\n<p style=\"color: red; font-size: 11pt; text-align: center;\">Les donn\u00e9es et les photos de cette sortie ne sont plus disponibles.<\/p>\n<\/div>\n<hr \/>\n<p style=\"text-align: center;\">N.B. Les adh\u00e9rents qui veulent \u00e9crire des comptes rendus sur les sorties auxquelles ils participent n\u2019ont qu\u2019\u00e0 nous les faire parvenir via e-mail, Whatsapp ou Facebook Messenger afin de les publier sur cette espace<\/p>\n","protected":false},"excerpt":{"rendered":"<p>La randonn\u00e9e du dimanche 25 mai 2014 s&rsquo;est d\u00e9roul\u00e9e aux alentours du village Dar Cherif, 4 km de Bghaghza sur la route de Moulay Abdessalam. La boucle a d\u00e9but\u00e9e par une descente depuis Le village Dar Cherif \u00e0\u00a0 757 m d\u2019altitude vers la rivi\u00e8re \u00e0 196 m puis la mont\u00e9e\u2026 <a class=\"continue-reading-link\" href=\"https:\/\/caftanger.aqarial.org\/?p=205\">Lire la suite<\/a><\/p>\n","protected":false},"author":66,"featured_media":1356,"comment_status":"open","ping_status":"open","sticky":false,"template":"","format":"standard","meta":{"_bbp_topic_count":0,"_bbp_reply_count":0,"_bbp_total_topic_count":0,"_bbp_total_reply_count":0,"_bbp_voice_count":0,"_bbp_anonymous_reply_count":0,"_bbp_topic_count_hidden":0,"_bbp_reply_count_hidden":0,"_bbp_forum_subforum_count":0,"footnotes":""},"categories":[7],"tags":[],"class_list":["post-205","post","type-post","status-publish","format-standard","has-post-thumbnail","hentry","category-activs"],"_links":{"self":[{"href":"https:\/\/caftanger.aqarial.org\/index.php?rest_route=\/wp\/v2\/posts\/205","targetHints":{"allow":["GET"]}}],"collection":[{"href":"https:\/\/caftanger.aqarial.org\/index.php?rest_route=\/wp\/v2\/posts"}],"about":[{"href":"https:\/\/caftanger.aqarial.org\/index.php?rest_route=\/wp\/v2\/types\/post"}],"author":[{"embeddable":true,"href":"https:\/\/caftanger.aqarial.org\/index.php?rest_route=\/wp\/v2\/users\/66"}],"replies":[{"embeddable":true,"href":"https:\/\/caftanger.aqarial.org\/index.php?rest_route=%2Fwp%2Fv2%2Fcomments&post=205"}],"version-history":[{"count":1,"href":"https:\/\/caftanger.aqarial.org\/index.php?rest_route=\/wp\/v2\/posts\/205\/revisions"}],"predecessor-version":[{"id":7402,"href":"https:\/\/caftanger.aqarial.org\/index.php?rest_route=\/wp\/v2\/posts\/205\/revisions\/7402"}],"wp:featuredmedia":[{"embeddable":true,"href":"https:\/\/caftanger.aqarial.org\/index.php?rest_route=\/wp\/v2\/media\/1356"}],"wp:attachment":[{"href":"https:\/\/caftanger.aqarial.org\/index.php?rest_route=%2Fwp%2Fv2%2Fmedia&parent=205"}],"wp:term":[{"taxonomy":"category","embeddable":true,"href":"https:\/\/caftanger.aqarial.org\/index.php?rest_route=%2Fwp%2Fv2%2Fcategories&post=205"},{"taxonomy":"post_tag","embeddable":true,"href":"https:\/\/caftanger.aqarial.org\/index.php?rest_route=%2Fwp%2Fv2%2Ftags&post=205"}],"curies":[{"name":"wp","href":"https:\/\/api.w.org\/{rel}","templated":true}]}}